{"id":72,"date":"2025-12-09T07:41:14","date_gmt":"2025-12-09T06:41:14","guid":{"rendered":"https:\/\/choisirpro.com\/blog\/prix-location-machine-cafe\/"},"modified":"2025-12-09T07:41:14","modified_gmt":"2025-12-09T06:41:14","slug":"prix-location-machine-cafe","status":"publish","type":"post","link":"https:\/\/choisirpro.com\/blog\/prix-location-machine-cafe\/","title":{"rendered":"Quel prix pour louer une machine \u00e0 caf\u00e9 en entreprise ?"},"content":{"rendered":"<p><strong>Le co\u00fbt mensuel moyen pour la location d'une machine \u00e0 caf\u00e9 en entreprise varie entre <strong>57 \u20ac HT<\/strong> et plus de <strong>300 \u20ac HT<\/strong> selon la capacit\u00e9, la technologie et la marque choisies en 2025<\/strong>. Les petites entreprises de moins de 20 salari\u00e9s optent souvent pour des mod\u00e8les comme <strong>Jura E4 ou Jura E8<\/strong>, tandis que les structures avec 30 \u00e0 50 employ\u00e9s privil\u00e9gient des machines comme <strong>Bianchi Ga\u00efa ou Jura X10<\/strong>. La location inclut g\u00e9n\u00e9ralement la maintenance, l'approvisionnement et le service client, avec un engagement souvent flexible. Voici une analyse d\u00e9taill\u00e9e pour ma\u00eetriser le <strong>prix et le co\u00fbt de location d'une machine \u00e0 caf\u00e9 en entreprise<\/strong>.<\/p>\n\n<h2 class=\"wp-block-heading\">Comment d\u00e9terminer le co\u00fbt de location d'une machine \u00e0 caf\u00e9 en entreprise ?<\/h2>\n\n<p>Le <strong>prix de la location d\u2019une machine \u00e0 caf\u00e9<\/strong> d\u00e9pend principalement de plusieurs crit\u00e8res tels que la taille de l'entreprise, le mod\u00e8le choisi, ainsi que les services inclus dans le contrat.<\/p>\n\n<p>Pour les TPE et Start-up de moins de 20 salari\u00e9s, les mod\u00e8les recommand\u00e9s comme les <strong>Jura E4 et E8<\/strong> affichent g\u00e9n\u00e9ralement un tarif mensuel situ\u00e9 entre <strong>50 \u20ac et 100 \u20ac HT<\/strong>.<\/p>\n\n<p>Les agences comptant entre 30 et 50 employ\u00e9s se tournent vers des machines interm\u00e9diaires telles que <strong>Bianchi Ga\u00efa, Jura X10 ou W8<\/strong> dont la location varie de <strong>120 \u20ac \u00e0 180 \u20ac HT<\/strong> par mois.<\/p>\n\n<p>Les entreprises d\u2019environ 100 salari\u00e9s optent pour des mod\u00e8les performants comme <strong>Jura Giga X3 ou Rhea Grande Premium<\/strong>, factur\u00e9s \u00e0 partir de <strong>200 \u20ac jusqu\u2019\u00e0 300 \u20ac HT<\/strong> mensuellement. Pour les grands groupes d\u00e9passant 150 employ\u00e9s, les solutions connect\u00e9es et \u00e0 grand d\u00e9bit comme la <strong>Jura Giga X8C<\/strong> sont propos\u00e9es en location avec des tarifs pouvant d\u00e9passer les <strong>300 \u20ac HT<\/strong> mensuels.<\/p>\n\n<p>La plupart des contrats de <strong>location machine \u00e0 caf\u00e9 entreprise<\/strong> incluent l'entretien, la maintenance et, dans certains cas, l'approvisionnement en consommables, \u00e9liminant la charge logistique pour l'entreprise.<\/p>\n\n<h3 class=\"wp-block-heading\">Location avec ou sans services inclus : impact sur le tarif<\/h3>\n\n<p>Sur le march\u00e9, la location d\u2019une machine \u00e0 caf\u00e9 peut avoir des forfaits allant du simple usage \u00e0 l\u2019offre tout inclus :<\/p>\n\n<ul class=\"wp-block-list\"><li><strong>Location simple<\/strong> : uniquement la mise \u00e0 disposition de la machine, \u00e0 partir de 50 \u20ac HT\/mois.<\/li><li><strong>Location avec maintenance et entretien<\/strong> : int\u00e9gr\u00e9e dans le tarif, le plus courant, entre 80 \u20ac et 180 \u20ac HT\/mois selon la puissance de la machine.<\/li><li><strong>Location compl\u00e8te<\/strong> : services d\u2019entretien, approvisionnement en caf\u00e9, consommables (gobelets, sucre, lait), et recyclage inclus, forfait de 200 \u20ac \u00e0 350 \u20ac HT\/mois.<\/li><\/ul>\n\n<p>Choisir un contrat tout compris optimise la gestion interne et pr\u00e9vient les co\u00fbts impr\u00e9vus, notamment pour les soci\u00e9t\u00e9s sans \u00e9quipe technique d\u00e9di\u00e9e.<\/p>\n\n<h2 class=\"wp-block-heading\">Les crit\u00e8res techniques influen\u00e7ant le prix de location d'une machine \u00e0 caf\u00e9<\/h2>\n\n<p>La technologie embarqu\u00e9e impacte directement le <strong>tarif de location machine \u00e0 caf\u00e9<\/strong>. Les machines automatiques \u00e0 grain apportent plus de flexibilit\u00e9 et une meilleure qualit\u00e9 de caf\u00e9 mais sont plus co\u00fbteuses \u00e0 louer que les syst\u00e8mes \u00e0 dosettes ou capsules.<\/p>\n\n<p>Les mod\u00e8les haut de gamme comme le <strong>Jura Giga X8C<\/strong> sont con\u00e7us pour un usage intensif, avec des raccordements directs \u00e0 l\u2019eau, une interface tactile avanc\u00e9e, et une grande capacit\u00e9, augmentant le prix de location.<\/p>\n\n<p>En outre, la pr\u00e9sence d\u2019un monnayeur pour distribution payante peut \u00e9galement influencer le tarif de location, selon que l\u2019entreprise souhaite offrir un service gratuit ou partiellement financ\u00e9 par les collaborateurs.<\/p>\n\n<figure class=\"wp-block-image size-full\"><img loading=\"lazy\" decoding=\"async\" width=\"1536\" height=\"1024\" src=\"https:\/\/choisirpro.com\/blog\/wp-content\/uploads\/2025\/12\/Quel-prix-pour-louer-une-machine-a-cafe-en-entreprise-1-1.png\" alt=\"d\u00e9couvrez les tarifs pour louer une machine \u00e0 caf\u00e9 en entreprise et trouvez la solution adapt\u00e9e \u00e0 vos besoins professionnels.\" class=\"wp-image-71\" srcset=\"https:\/\/choisirpro.com\/blog\/wp-content\/uploads\/2025\/12\/Quel-prix-pour-louer-une-machine-a-cafe-en-entreprise-1-1.png 1536w, https:\/\/choisirpro.com\/blog\/wp-content\/uploads\/2025\/12\/Quel-prix-pour-louer-une-machine-a-cafe-en-entreprise-1-1-300x200.png 300w, https:\/\/choisirpro.com\/blog\/wp-content\/uploads\/2025\/12\/Quel-prix-pour-louer-une-machine-a-cafe-en-entreprise-1-1-1024x683.png 1024w, https:\/\/choisirpro.com\/blog\/wp-content\/uploads\/2025\/12\/Quel-prix-pour-louer-une-machine-a-cafe-en-entreprise-1-1-768x512.png 768w\" sizes=\"auto, (max-width: 1536px) 100vw, 1536px\" \/><\/figure>\n\n<h3 class=\"wp-block-heading\">Les options de personnalisation et leur effet sur le co\u00fbt<\/h3>\n\n<p>Les machines peuvent \u00eatre personnalis\u00e9es aux couleurs de l\u2019entreprise lors de la location, sans frais majeurs suppl\u00e9mentaires. Cette personnalisation reste un plus pour la communication interne tout en ne faisant pas exploser le <strong>budget location distributeur caf\u00e9<\/strong>.<\/p>\n\n<p>Le raccordement direct \u00e0 l\u2019eau de ville est un autre levier qui, s\u2019il est s\u00e9lectionn\u00e9, peut entra\u00eener une l\u00e9g\u00e8re augmentation du contrat de location mais r\u00e9duit consid\u00e9rablement les besoins en r\u00e9approvisionnement manuel.<\/p>\n\n<h2 class=\"wp-block-heading\">Pourquoi privil\u00e9gier la location \u00e0 l'achat pour une machine \u00e0 caf\u00e9 d'entreprise ?<\/h2>\n\n<p>La location offre une souplesse financi\u00e8re : aucun investissement initial important n'est n\u00e9cessaire, le co\u00fbt est \u00e9tal\u00e9 sur la dur\u00e9e et g\u00e9n\u00e9ralement accompagn\u00e9 de prestations incluses (maintenance, renouvellement, approvisionnement).<\/p>\n\n<p>Malgr\u00e9 un co\u00fbt parfois sup\u00e9rieur \u00e0 l\u2019achat sur le long terme, cette formule s\u00e9curise l\u2019entreprise contre les pannes et le vieillissement de la machine. La location garantit aussi l\u2019acc\u00e8s \u00e0 du mat\u00e9riel r\u00e9cent et performant, adapt\u00e9 \u00e0 l\u2019\u00e9volution des besoins.<\/p>\n\n<h3 class=\"wp-block-heading\">Comparatif des avantages et inconv\u00e9nients location vs achat<\/h3>\n\n<ul class=\"wp-block-list\"><li><strong>Location<\/strong> : faible engagement financier initial, services inclus, renouvellement facile des machines, gestion simplifi\u00e9e.<\/li><li><strong>Achat<\/strong> : co\u00fbt global moindre sur plusieurs ann\u00e9es, ind\u00e9pendance totale, mais gestion de maintenance et d\u2019approvisionnement \u00e0 charge de l\u2019entreprise.<\/li><\/ul>\n\n<h2 class=\"wp-block-heading\">Estimer le budget total caf\u00e9 en entreprise : location, consommables et entretien<\/h2>\n\n<p>Le budget caf\u00e9 mensuel d'une PME de 25 salari\u00e9s consommant environ <strong>2 caf\u00e9s par jour et par personne<\/strong> se d\u00e9compose ainsi :<\/p>\n\n<ul class=\"wp-block-list\"><li>Volume mensuel de tasses : <strong>(25 \u00d7 2 caf\u00e9s) \u00d7 22 jours<\/strong> = 1100 tasses.<\/li><li>Prix moyen du caf\u00e9 en grain : environ <strong>0,20 \u20ac par tasse<\/strong>.<\/li><li>Consommables (sucre, lait, gobelets) : environ <strong>0,05 \u20ac par tasse<\/strong>.<\/li><li>Co\u00fbt de la location, avec services inclus : environ <strong>30 \u20ac par mois<\/strong>.<\/li><\/ul>\n\n<p>Le budget total mensuel est ainsi estim\u00e9 \u00e0 <strong>305 \u20ac<\/strong>, soit environ <strong>0,28 \u20ac par tasse<\/strong>, un tarif coh\u00e9rent avec les offres du march\u00e9 2025.<\/p>\n\n<script type=\"application\/ld+json\">\n{\"@context\":\"https:\/\/schema.org\",\"@type\":\"FAQPage\",\"mainEntity\":[{\"@type\":\"Question\",\"name\":\"Quel est le prix moyen de location d'une machine u00e0 cafu00e9 pour une entreprise de 50 salariu00e9s ?\",\"acceptedAnswer\":{\"@type\":\"Answer\",\"text\":\"Pour une entreprise de 50 salariu00e9s, la location du2019une machine intermu00e9diaire cou00fbte en moyenne entre 120 u20ac et 180 u20ac HT par mois, avec services inclus.\"}},{\"@type\":\"Question\",\"name\":\"Quels services sont gu00e9nu00e9ralement inclus dans un contrat de location de machine u00e0 cafu00e9 ?\",\"acceptedAnswer\":{\"@type\":\"Answer\",\"text\":\"Les contrats incluent fru00e9quemment la maintenance, lu2019entretien ru00e9gulier, lu2019approvisionnement en cafu00e9, et parfois les consommables comme sucre et gobelets.\"}},{\"@type\":\"Question\",\"name\":\"Est-il possible de louer une machine u00e0 cafu00e9 sans engagement ?\",\"acceptedAnswer\":{\"@type\":\"Answer\",\"text\":\"Certains fournisseurs proposent des contrats de location flexibles avec une duru00e9e du2019engagement adaptable, mais la plupart des offres standard exigent un minimum du2019engagement de 12 u00e0 24 mois.\"}},{\"@type\":\"Question\",\"name\":\"Comment calculer le cou00fbt par tasse lors de la location du2019une machine u00e0 cafu00e9 ?\",\"acceptedAnswer\":{\"@type\":\"Answer\",\"text\":\"Le cou00fbt par tasse se calcule en additionnant le prix du cafu00e9 et des consommables, plus le cou00fbt mensuel de la location divisu00e9 par le nombre de tasses consommu00e9es dans le mois.\"}},{\"@type\":\"Question\",\"name\":\"Quels modu00e8les de machine u00e0 cafu00e9 conviennent aux grandes entreprises ?\",\"acceptedAnswer\":{\"@type\":\"Answer\",\"text\":\"Les grandes entreprises de plus de 150 salariu00e9s choisissent souvent des machines u00e0 cafu00e9 u00e0 haute capacitu00e9 comme la Jura Giga X8C pour assurer un service rapide et continu.\"}}]}\n<\/script>\n<h3>Quel est le prix moyen de location d'une machine \u00e0 caf\u00e9 pour une entreprise de 50 salari\u00e9s ?<\/h3>\n<p>Pour une entreprise de 50 salari\u00e9s, la location d\u2019une machine interm\u00e9diaire co\u00fbte en moyenne entre 120 \u20ac et 180 \u20ac HT par mois, avec services inclus.<\/p>\n<h3>Quels services sont g\u00e9n\u00e9ralement inclus dans un contrat de location de machine \u00e0 caf\u00e9 ?<\/h3>\n<p>Les contrats incluent fr\u00e9quemment la maintenance, l\u2019entretien r\u00e9gulier, l\u2019approvisionnement en caf\u00e9, et parfois les consommables comme sucre et gobelets.<\/p>\n<h3>Est-il possible de louer une machine \u00e0 caf\u00e9 sans engagement ?<\/h3>\n<p>Certains fournisseurs proposent des contrats de location flexibles avec une dur\u00e9e d\u2019engagement adaptable, mais la plupart des offres standard exigent un minimum d\u2019engagement de 12 \u00e0 24 mois.<\/p>\n<h3>Comment calculer le co\u00fbt par tasse lors de la location d\u2019une machine \u00e0 caf\u00e9 ?<\/h3>\n<p>Le co\u00fbt par tasse se calcule en additionnant le prix du caf\u00e9 et des consommables, plus le co\u00fbt mensuel de la location divis\u00e9 par le nombre de tasses consomm\u00e9es dans le mois.<\/p>\n<h3>Quels mod\u00e8les de machine \u00e0 caf\u00e9 conviennent aux grandes entreprises ?<\/h3>\n<p>Les grandes entreprises de plus de 150 salari\u00e9s choisissent souvent des machines \u00e0 caf\u00e9 \u00e0 haute capacit\u00e9 comme la Jura Giga X8C pour assurer un service rapide et continu.<\/p>\n\n","protected":false},"excerpt":{"rendered":"<p>Le co\u00fbt mensuel moyen pour la location d'une machine \u00e0 caf\u00e9 en entreprise varie entre 57 \u20ac HT et plus de 300 \u20ac HT selon la capacit\u00e9, la technologie et la marque choisies en 2025. Les petites entreprises de moins de 20 salari\u00e9s optent souvent pour des mod\u00e8les comme Jura E4 ou Jura E8, tandis [&hellip;]<\/p>\n","protected":false},"author":1,"featured_media":70,"comment_status":"open","ping_status":"open","sticky":false,"template":"","format":"standard","meta":{"footnotes":""},"categories":[3],"tags":[],"class_list":["post-72","post","type-post","status-publish","format-standard","has-post-thumbnail","hentry","category-distributeur-automatique"],"yoast_head":"<!-- This site is optimized with the Yoast SEO plugin v26.4 - https:\/\/yoast.com\/wordpress\/plugins\/seo\/ -->\n<title>Quel prix pour louer une machine \u00e0 caf\u00e9 en entreprise ? - Blog Choisirpro.com<\/title>\n<meta name=\"description\" content=\"D\u00e9couvrez nos tarifs pour louer une machine \u00e0 caf\u00e9 en entreprise et offrez \u00e0 vos collaborateurs une pause caf\u00e9 conviviale et \u00e9conomique.\" \/>\n<meta name=\"robots\" content=\"index, follow, max-snippet:-1, max-image-preview:large, max-video-preview:-1\" \/>\n<link rel=\"canonical\" href=\"https:\/\/choisirpro.com\/blog\/prix-location-machine-cafe\/\" \/>\n<meta property=\"og:locale\" content=\"fr_FR\" \/>\n<meta property=\"og:type\" content=\"article\" \/>\n<meta property=\"og:title\" content=\"Quel prix pour louer une machine \u00e0 caf\u00e9 en entreprise ? - Blog Choisirpro.com\" \/>\n<meta property=\"og:description\" content=\"D\u00e9couvrez nos tarifs pour louer une machine \u00e0 caf\u00e9 en entreprise et offrez \u00e0 vos collaborateurs une pause caf\u00e9 conviviale et \u00e9conomique.\" \/>\n<meta property=\"og:url\" content=\"https:\/\/choisirpro.com\/blog\/prix-location-machine-cafe\/\" \/>\n<meta property=\"og:site_name\" content=\"Blog Choisirpro.com\" \/>\n<meta property=\"article:published_time\" content=\"2025-12-09T06:41:14+00:00\" \/>\n<meta property=\"og:image\" content=\"https:\/\/choisirpro.com\/blog\/wp-content\/uploads\/2025\/12\/Quel-prix-pour-louer-une-machine-a-cafe-en-entreprise-.png\" \/>\n\t<meta property=\"og:image:width\" content=\"1536\" \/>\n\t<meta property=\"og:image:height\" content=\"1024\" \/>\n\t<meta property=\"og:image:type\" content=\"image\/png\" \/>\n<meta name=\"author\" content=\"Choisir Pro.com\" \/>\n<meta name=\"twitter:card\" content=\"summary_large_image\" \/>\n<meta name=\"twitter:label1\" content=\"\u00c9crit par\" \/>\n\t<meta name=\"twitter:data1\" content=\"Choisir Pro.com\" \/>\n\t<meta name=\"twitter:label2\" content=\"Dur\u00e9e de lecture estim\u00e9e\" \/>\n\t<meta name=\"twitter:data2\" content=\"5 minutes\" \/>\n<script type=\"application\/ld+json\" class=\"yoast-schema-graph\">{\"@context\":\"https:\/\/schema.org\",\"@graph\":[{\"@type\":\"WebPage\",\"@id\":\"https:\/\/choisirpro.com\/blog\/prix-location-machine-cafe\/\",\"url\":\"https:\/\/choisirpro.com\/blog\/prix-location-machine-cafe\/\",\"name\":\"Quel prix pour louer une machine \u00e0 caf\u00e9 en entreprise ? - Blog Choisirpro.com\",\"isPartOf\":{\"@id\":\"https:\/\/choisirpro.com\/blog\/#website\"},\"primaryImageOfPage\":{\"@id\":\"https:\/\/choisirpro.com\/blog\/prix-location-machine-cafe\/#primaryimage\"},\"image\":{\"@id\":\"https:\/\/choisirpro.com\/blog\/prix-location-machine-cafe\/#primaryimage\"},\"thumbnailUrl\":\"https:\/\/choisirpro.com\/blog\/wp-content\/uploads\/2025\/12\/Quel-prix-pour-louer-une-machine-a-cafe-en-entreprise-.png\",\"datePublished\":\"2025-12-09T06:41:14+00:00\",\"author\":{\"@id\":\"https:\/\/choisirpro.com\/blog\/#\/schema\/person\/2d6b762bfd87073e7cb1db346c652621\"},\"description\":\"D\u00e9couvrez nos tarifs pour louer une machine \u00e0 caf\u00e9 en entreprise et offrez \u00e0 vos collaborateurs une pause caf\u00e9 conviviale et \u00e9conomique.\",\"breadcrumb\":{\"@id\":\"https:\/\/choisirpro.com\/blog\/prix-location-machine-cafe\/#breadcrumb\"},\"inLanguage\":\"fr-FR\",\"potentialAction\":[{\"@type\":\"ReadAction\",\"target\":[\"https:\/\/choisirpro.com\/blog\/prix-location-machine-cafe\/\"]}]},{\"@type\":\"ImageObject\",\"inLanguage\":\"fr-FR\",\"@id\":\"https:\/\/choisirpro.com\/blog\/prix-location-machine-cafe\/#primaryimage\",\"url\":\"https:\/\/choisirpro.com\/blog\/wp-content\/uploads\/2025\/12\/Quel-prix-pour-louer-une-machine-a-cafe-en-entreprise-.png\",\"contentUrl\":\"https:\/\/choisirpro.com\/blog\/wp-content\/uploads\/2025\/12\/Quel-prix-pour-louer-une-machine-a-cafe-en-entreprise-.png\",\"width\":1536,\"height\":1024,\"caption\":\"d\u00e9couvrez les tarifs pour louer une machine \u00e0 caf\u00e9 en entreprise et choisissez l'option qui convient le mieux \u00e0 vos besoins professionnels.\"},{\"@type\":\"BreadcrumbList\",\"@id\":\"https:\/\/choisirpro.com\/blog\/prix-location-machine-cafe\/#breadcrumb\",\"itemListElement\":[{\"@type\":\"ListItem\",\"position\":1,\"name\":\"Accueil\",\"item\":\"https:\/\/choisirpro.com\/blog\/\"},{\"@type\":\"ListItem\",\"position\":2,\"name\":\"Quel prix pour louer une machine \u00e0 caf\u00e9 en entreprise ?\"}]},{\"@type\":\"WebSite\",\"@id\":\"https:\/\/choisirpro.com\/blog\/#website\",\"url\":\"https:\/\/choisirpro.com\/blog\/\",\"name\":\"Blog Choisirpro.com\",\"description\":\"\",\"potentialAction\":[{\"@type\":\"SearchAction\",\"target\":{\"@type\":\"EntryPoint\",\"urlTemplate\":\"https:\/\/choisirpro.com\/blog\/?s={search_term_string}\"},\"query-input\":{\"@type\":\"PropertyValueSpecification\",\"valueRequired\":true,\"valueName\":\"search_term_string\"}}],\"inLanguage\":\"fr-FR\"},{\"@type\":\"Person\",\"@id\":\"https:\/\/choisirpro.com\/blog\/#\/schema\/person\/2d6b762bfd87073e7cb1db346c652621\",\"name\":\"Choisir Pro.com\",\"image\":{\"@type\":\"ImageObject\",\"inLanguage\":\"fr-FR\",\"@id\":\"https:\/\/choisirpro.com\/blog\/#\/schema\/person\/image\/\",\"url\":\"https:\/\/secure.gravatar.com\/avatar\/3f7b6f3ef48f30ef04e0f4a20e96e3806d6e5beaa9f0826086f9270a2a22f91d?s=96&d=mm&r=g\",\"contentUrl\":\"https:\/\/secure.gravatar.com\/avatar\/3f7b6f3ef48f30ef04e0f4a20e96e3806d6e5beaa9f0826086f9270a2a22f91d?s=96&d=mm&r=g\",\"caption\":\"Choisir Pro.com\"},\"sameAs\":[\"https:\/\/choisirpro.com\/blog\"],\"url\":\"https:\/\/choisirpro.com\/blog\/author\/scunadmin\/\"}]}<\/script>\n<!-- \/ Yoast SEO plugin. -->","yoast_head_json":{"title":"Quel prix pour louer une machine \u00e0 caf\u00e9 en entreprise ? - Blog Choisirpro.com","description":"D\u00e9couvrez nos tarifs pour louer une machine \u00e0 caf\u00e9 en entreprise et offrez \u00e0 vos collaborateurs une pause caf\u00e9 conviviale et \u00e9conomique.","robots":{"index":"index","follow":"follow","max-snippet":"max-snippet:-1","max-image-preview":"max-image-preview:large","max-video-preview":"max-video-preview:-1"},"canonical":"https:\/\/choisirpro.com\/blog\/prix-location-machine-cafe\/","og_locale":"fr_FR","og_type":"article","og_title":"Quel prix pour louer une machine \u00e0 caf\u00e9 en entreprise ? - Blog Choisirpro.com","og_description":"D\u00e9couvrez nos tarifs pour louer une machine \u00e0 caf\u00e9 en entreprise et offrez \u00e0 vos collaborateurs une pause caf\u00e9 conviviale et \u00e9conomique.","og_url":"https:\/\/choisirpro.com\/blog\/prix-location-machine-cafe\/","og_site_name":"Blog Choisirpro.com","article_published_time":"2025-12-09T06:41:14+00:00","og_image":[{"width":1536,"height":1024,"url":"https:\/\/choisirpro.com\/blog\/wp-content\/uploads\/2025\/12\/Quel-prix-pour-louer-une-machine-a-cafe-en-entreprise-.png","type":"image\/png"}],"author":"Choisir Pro.com","twitter_card":"summary_large_image","twitter_misc":{"\u00c9crit par":"Choisir Pro.com","Dur\u00e9e de lecture estim\u00e9e":"5 minutes"},"schema":{"@context":"https:\/\/schema.org","@graph":[{"@type":"WebPage","@id":"https:\/\/choisirpro.com\/blog\/prix-location-machine-cafe\/","url":"https:\/\/choisirpro.com\/blog\/prix-location-machine-cafe\/","name":"Quel prix pour louer une machine \u00e0 caf\u00e9 en entreprise ? - Blog Choisirpro.com","isPartOf":{"@id":"https:\/\/choisirpro.com\/blog\/#website"},"primaryImageOfPage":{"@id":"https:\/\/choisirpro.com\/blog\/prix-location-machine-cafe\/#primaryimage"},"image":{"@id":"https:\/\/choisirpro.com\/blog\/prix-location-machine-cafe\/#primaryimage"},"thumbnailUrl":"https:\/\/choisirpro.com\/blog\/wp-content\/uploads\/2025\/12\/Quel-prix-pour-louer-une-machine-a-cafe-en-entreprise-.png","datePublished":"2025-12-09T06:41:14+00:00","author":{"@id":"https:\/\/choisirpro.com\/blog\/#\/schema\/person\/2d6b762bfd87073e7cb1db346c652621"},"description":"D\u00e9couvrez nos tarifs pour louer une machine \u00e0 caf\u00e9 en entreprise et offrez \u00e0 vos collaborateurs une pause caf\u00e9 conviviale et \u00e9conomique.","breadcrumb":{"@id":"https:\/\/choisirpro.com\/blog\/prix-location-machine-cafe\/#breadcrumb"},"inLanguage":"fr-FR","potentialAction":[{"@type":"ReadAction","target":["https:\/\/choisirpro.com\/blog\/prix-location-machine-cafe\/"]}]},{"@type":"ImageObject","inLanguage":"fr-FR","@id":"https:\/\/choisirpro.com\/blog\/prix-location-machine-cafe\/#primaryimage","url":"https:\/\/choisirpro.com\/blog\/wp-content\/uploads\/2025\/12\/Quel-prix-pour-louer-une-machine-a-cafe-en-entreprise-.png","contentUrl":"https:\/\/choisirpro.com\/blog\/wp-content\/uploads\/2025\/12\/Quel-prix-pour-louer-une-machine-a-cafe-en-entreprise-.png","width":1536,"height":1024,"caption":"d\u00e9couvrez les tarifs pour louer une machine \u00e0 caf\u00e9 en entreprise et choisissez l'option qui convient le mieux \u00e0 vos besoins professionnels."},{"@type":"BreadcrumbList","@id":"https:\/\/choisirpro.com\/blog\/prix-location-machine-cafe\/#breadcrumb","itemListElement":[{"@type":"ListItem","position":1,"name":"Accueil","item":"https:\/\/choisirpro.com\/blog\/"},{"@type":"ListItem","position":2,"name":"Quel prix pour louer une machine \u00e0 caf\u00e9 en entreprise ?"}]},{"@type":"WebSite","@id":"https:\/\/choisirpro.com\/blog\/#website","url":"https:\/\/choisirpro.com\/blog\/","name":"Blog Choisirpro.com","description":"","potentialAction":[{"@type":"SearchAction","target":{"@type":"EntryPoint","urlTemplate":"https:\/\/choisirpro.com\/blog\/?s={search_term_string}"},"query-input":{"@type":"PropertyValueSpecification","valueRequired":true,"valueName":"search_term_string"}}],"inLanguage":"fr-FR"},{"@type":"Person","@id":"https:\/\/choisirpro.com\/blog\/#\/schema\/person\/2d6b762bfd87073e7cb1db346c652621","name":"Choisir Pro.com","image":{"@type":"ImageObject","inLanguage":"fr-FR","@id":"https:\/\/choisirpro.com\/blog\/#\/schema\/person\/image\/","url":"https:\/\/secure.gravatar.com\/avatar\/3f7b6f3ef48f30ef04e0f4a20e96e3806d6e5beaa9f0826086f9270a2a22f91d?s=96&d=mm&r=g","contentUrl":"https:\/\/secure.gravatar.com\/avatar\/3f7b6f3ef48f30ef04e0f4a20e96e3806d6e5beaa9f0826086f9270a2a22f91d?s=96&d=mm&r=g","caption":"Choisir Pro.com"},"sameAs":["https:\/\/choisirpro.com\/blog"],"url":"https:\/\/choisirpro.com\/blog\/author\/scunadmin\/"}]}},"_links":{"self":[{"href":"https:\/\/choisirpro.com\/blog\/wp-json\/wp\/v2\/posts\/72","targetHints":{"allow":["GET"]}}],"collection":[{"href":"https:\/\/choisirpro.com\/blog\/wp-json\/wp\/v2\/posts"}],"about":[{"href":"https:\/\/choisirpro.com\/blog\/wp-json\/wp\/v2\/types\/post"}],"author":[{"embeddable":true,"href":"https:\/\/choisirpro.com\/blog\/wp-json\/wp\/v2\/users\/1"}],"replies":[{"embeddable":true,"href":"https:\/\/choisirpro.com\/blog\/wp-json\/wp\/v2\/comments?post=72"}],"version-history":[{"count":0,"href":"https:\/\/choisirpro.com\/blog\/wp-json\/wp\/v2\/posts\/72\/revisions"}],"wp:featuredmedia":[{"embeddable":true,"href":"https:\/\/choisirpro.com\/blog\/wp-json\/wp\/v2\/media\/70"}],"wp:attachment":[{"href":"https:\/\/choisirpro.com\/blog\/wp-json\/wp\/v2\/media?parent=72"}],"wp:term":[{"taxonomy":"category","embeddable":true,"href":"https:\/\/choisirpro.com\/blog\/wp-json\/wp\/v2\/categories?post=72"},{"taxonomy":"post_tag","embeddable":true,"href":"https:\/\/choisirpro.com\/blog\/wp-json\/wp\/v2\/tags?post=72"}],"curies":[{"name":"wp","href":"https:\/\/api.w.org\/{rel}","templated":true}]}}